{"id":982,"date":"2025-12-11T21:19:06","date_gmt":"2025-12-11T20:19:06","guid":{"rendered":"https:\/\/sahelinstitute.org\/?p=982"},"modified":"2025-12-14T03:12:04","modified_gmt":"2025-12-14T02:12:04","slug":"sahel-institute-mobilise-la-jeunesse-malienne-contre-la-desinformation","status":"publish","type":"post","link":"https:\/\/sahelinstitute.org\/?p=982","title":{"rendered":"Sahel Institute mobilise la jeunesse malienne contre la d\u00e9sinformation"},"content":{"rendered":"\t\t<div data-elementor-type=\"wp-post\" data-elementor-id=\"982\" class=\"elementor elementor-982\" data-elementor-post-type=\"post\">\n\t\t\t\t\t\t<section class=\"elementor-section elementor-top-section elementor-element elementor-element-e598940 elementor-section-boxed elementor-section-height-default elementor-section-height-default\" data-id=\"e598940\" data-element_type=\"section\">\n\t\t\t\t\t\t<div class=\"elementor-container elementor-column-gap-default\">\n\t\t\t\t\t<div class=\"elementor-column elementor-col-100 elementor-top-column elementor-element elementor-element-923d5fc\" data-id=\"923d5fc\" data-element_type=\"column\">\n\t\t\t<div class=\"elementor-widget-wrap elementor-element-populated\">\n\t\t\t\t\t\t<div class=\"elementor-element elementor-element-5be9d6e elementor-widget elementor-widget-heading\" data-id=\"5be9d6e\" data-element_type=\"widget\" data-widget_type=\"heading.default\">\n\t\t\t\t<div class=\"elementor-widget-container\">\n\t\t\t\t\t<h2 class=\"elementor-heading-title elementor-size-default\"><span style=\", Helvetica, Arial, sans-serif;font-size: 15px;font-style: normal;font-weight: 400;letter-spacing: normal;text-align: start;text-indent: 0px;text-transform: none;white-space: pre-wrap;display: inline !important;float: none\">Sahel Institute mobilise la jeunesse malienne contre la d\u00e9sinformation<\/span><\/h2>\t\t\t\t<\/div>\n\t\t\t\t<\/div>\n\t\t\t\t\t<\/div>\n\t\t<\/div>\n\t\t\t\t\t<\/div>\n\t\t<\/section>\n\t\t\t\t<section class=\"elementor-section elementor-top-section elementor-element elementor-element-d66bbf2 elementor-section-boxed elementor-section-height-default elementor-section-height-default\" data-id=\"d66bbf2\" data-element_type=\"section\">\n\t\t\t\t\t\t<div class=\"elementor-container elementor-column-gap-default\">\n\t\t\t\t\t<div class=\"elementor-column elementor-col-100 elementor-top-column elementor-element elementor-element-e27ccf1\" data-id=\"e27ccf1\" data-element_type=\"column\">\n\t\t\t<div class=\"elementor-widget-wrap elementor-element-populated\">\n\t\t\t\t\t\t<div class=\"elementor-element elementor-element-4ec0eae elementor-widget elementor-widget-image\" data-id=\"4ec0eae\" data-element_type=\"widget\" data-widget_type=\"image.default\">\n\t\t\t\t<div class=\"elementor-widget-container\">\n\t\t\t\t\t\t\t\t\t\t\t\t\t\t\t<img fetchpriority=\"high\" decoding=\"async\" width=\"525\" height=\"243\" src=\"https:\/\/sahelinstitute.org\/wp-content\/uploads\/2025\/12\/577343431_804065662532157_4426294964779714107_n-1024x474.jpg\" class=\"attachment-large size-large wp-image-984\" alt=\"\" srcset=\"https:\/\/sahelinstitute.org\/wp-content\/uploads\/2025\/12\/577343431_804065662532157_4426294964779714107_n-1024x474.jpg 1024w, https:\/\/sahelinstitute.org\/wp-content\/uploads\/2025\/12\/577343431_804065662532157_4426294964779714107_n-300x139.jpg 300w, https:\/\/sahelinstitute.org\/wp-content\/uploads\/2025\/12\/577343431_804065662532157_4426294964779714107_n-768x356.jpg 768w, https:\/\/sahelinstitute.org\/wp-content\/uploads\/2025\/12\/577343431_804065662532157_4426294964779714107_n-350x162.jpg 350w, https:\/\/sahelinstitute.org\/wp-content\/uploads\/2025\/12\/577343431_804065662532157_4426294964779714107_n.jpg 1080w\" sizes=\"100vw\" \/>\t\t\t\t\t\t\t\t\t\t\t\t\t\t\t<\/div>\n\t\t\t\t<\/div>\n\t\t\t\t\t<\/div>\n\t\t<\/div>\n\t\t\t\t\t<\/div>\n\t\t<\/section>\n\t\t\t\t<section class=\"elementor-section elementor-top-section elementor-element elementor-element-ca4ee5b elementor-section-boxed elementor-section-height-default elementor-section-height-default\" data-id=\"ca4ee5b\" data-element_type=\"section\">\n\t\t\t\t\t\t<div class=\"elementor-container elementor-column-gap-default\">\n\t\t\t\t\t<div class=\"elementor-column elementor-col-100 elementor-top-column elementor-element elementor-element-437664f\" data-id=\"437664f\" data-element_type=\"column\">\n\t\t\t<div class=\"elementor-widget-wrap elementor-element-populated\">\n\t\t\t\t\t\t<div class=\"elementor-element elementor-element-c4ba28b elementor-widget elementor-widget-text-editor\" data-id=\"c4ba28b\" data-element_type=\"widget\" data-widget_type=\"text-editor.default\">\n\t\t\t\t<div class=\"elementor-widget-container\">\n\t\t\t\t\t\t\t\t\t<div class=\"xdj266r x11i5rnm xat24cr x1mh8g0r x1vvkbs x126k92a\"><div dir=\"auto\" style=\"text-align: start;\">\u00a0<\/div><\/div><div class=\"x11i5rnm xat24cr x1mh8g0r x1vvkbs xtlvy1s x126k92a\"><div dir=\"auto\">#Sahel_Institute mobilise la jeunesse malienne contre la #d\u00e9sinformation<\/div><div dir=\"auto\">Face \u00e0 la mont\u00e9e pr\u00e9occupante de la d\u00e9sinformation au Mali, le Sahel Institute, avec l\u2019appui du <span class=\"html-span xdj266r x14z9mp xat24cr x1lziwak xexx8yu xyri2b x18d9i69 x1c1uobl x1hl2dhg x16tdsg8 x1vvkbs\"><a class=\"x1i10hfl xjbqb8w x1ejq31n x18oe1m7 x1sy0etr xstzfhl x972fbf x10w94by x1qhh985 x14e42zd x9f619 x1ypdohk xt0psk2 x3ct3a4 xdj266r x14z9mp xat24cr x1lziwak xexx8yu xyri2b x18d9i69 x1c1uobl x16tdsg8 x1hl2dhg xggy1nq x1a2a7pz xkrqix3 x1sur9pj x1fey0fg x1s688f\" tabindex=\"0\" role=\"link\" href=\"https:\/\/www.facebook.com\/National.Endowment.for.Democracy?__cft__[0]=AZbbs2-vSBKUYPqxwRHz8W_pGzi4u1xUAaqKps6F66TnZX7lRJQ-358ajfQulD6Bk9c-FMsrQD7d3U9wlug0IOFadbl-xIn-2-b3oURP7xrUOIl3OPN9c1EKjtYw-IiPHgKNSVdhJCUvMFs3LillgqTjk2KOzVNKr3RJmMxoPUzPew&amp;__tn__=-]K-R\">National Endowment for Democracy<\/a><\/span>, a lanc\u00e9 \u00e0 Bamako une s\u00e9rie d\u2019activit\u00e9s dans le cadre du projet \u00ab Jeunes inform\u00e9s, citoyens engag\u00e9s : Piliers de la d\u00e9mocratie malienne \u00bb. Ce programme vise \u00e0 renforcer la r\u00e9silience de la jeunesse et \u00e0 promouvoir une culture de l\u2019information fiable, critique et citoyenne.<\/div><div dir=\"auto\">Trois grandes activit\u00e9s ont marqu\u00e9 la premi\u00e8re phase du projet :<\/div><div dir=\"auto\">\u2022 Une conf\u00e9rence de presse officielle pour pr\u00e9senter le projet aux m\u00e9dias et \u00e0 la jeunesse, et susciter une adh\u00e9sion collective autour de la lutte contre la d\u00e9sinformation ;<\/div><div dir=\"auto\">\u2022 Une formation \u00e0 la pens\u00e9e critique et \u00e0 la v\u00e9rification des faits, qui a permis \u00e0 20 jeunes leaders d\u2019acqu\u00e9rir des comp\u00e9tences en fact-checking et de cr\u00e9er une plateforme communautaire de v\u00e9rification sur WhatsApp ;<\/div><div dir=\"auto\">\u2022 Une session de sensibilisation interactive de 22 jeunes sur les dangers de la d\u00e9sinformation et la responsabilit\u00e9 citoyenne dans la diffusion d\u2019informations v\u00e9rifi\u00e9es.<\/div><div dir=\"auto\">Ces activit\u00e9s, qui ont connu un fort engouement \u00e0 Bamako, constituent la premi\u00e8re \u00e9tape d\u2019un processus national. Les prochaines phases du projet se d\u00e9rouleront dans les r\u00e9gions de S\u00e9gou, Mopti, Tombouctou et Gao, afin d\u2019\u00e9largir la mobilisation et d\u2019impliquer davantage de jeunes dans la lutte contre la d\u00e9sinformation.<\/div><div dir=\"auto\">Ensemble, les jeunes maliens deviennent les acteurs de la v\u00e9rit\u00e9, de la transparence et de la d\u00e9mocratie.<\/div><div dir=\"auto\">#JeunesEngag\u00e9s #SahelInstitute #NED #D\u00e9sinformation #Coh\u00e9sionSociale #D\u00e9mocratie #FactChecking<\/div><div dir=\"auto\">@super fans<\/div><div dir=\"auto\"><span class=\"html-span xdj266r x14z9mp xat24cr x1lziwak xexx8yu xyri2b x18d9i69 x1c1uobl x1hl2dhg x16tdsg8 x1vvkbs\"><a class=\"x1i10hfl xjbqb8w x1ejq31n x18oe1m7 x1sy0etr xstzfhl x972fbf x10w94by x1qhh985 x14e42zd x9f619 x1ypdohk xt0psk2 x3ct3a4 xdj266r x14z9mp xat24cr x1lziwak xexx8yu xyri2b x18d9i69 x1c1uobl x16tdsg8 x1hl2dhg xggy1nq x1a2a7pz xkrqix3 x1sur9pj x1fey0fg x1s688f\" tabindex=\"0\" role=\"link\" href=\"https:\/\/www.facebook.com\/AmbassadeDuDanemarkAuMali?__cft__[0]=AZbbs2-vSBKUYPqxwRHz8W_pGzi4u1xUAaqKps6F66TnZX7lRJQ-358ajfQulD6Bk9c-FMsrQD7d3U9wlug0IOFadbl-xIn-2-b3oURP7xrUOIl3OPN9c1EKjtYw-IiPHgKNSVdhJCUvMFs3LillgqTjk2KOzVNKr3RJmMxoPUzPew&amp;__tn__=-]K-R\">L&rsquo;Ambassade du Danemark au Mali<\/a><\/span><\/div><div dir=\"auto\"><span class=\"html-span xdj266r x14z9mp xat24cr x1lziwak xexx8yu xyri2b x18d9i69 x1c1uobl x1hl2dhg x16tdsg8 x1vvkbs\"><a class=\"x1i10hfl xjbqb8w x1ejq31n x18oe1m7 x1sy0etr xstzfhl x972fbf x10w94by x1qhh985 x14e42zd x9f619 x1ypdohk xt0psk2 x3ct3a4 xdj266r x14z9mp xat24cr x1lziwak xexx8yu xyri2b x18d9i69 x1c1uobl x16tdsg8 x1hl2dhg xggy1nq x1a2a7pz xkrqix3 x1sur9pj x1fey0fg x1s688f\" tabindex=\"0\" role=\"link\" href=\"https:\/\/www.facebook.com\/CDDGhana?__cft__[0]=AZbbs2-vSBKUYPqxwRHz8W_pGzi4u1xUAaqKps6F66TnZX7lRJQ-358ajfQulD6Bk9c-FMsrQD7d3U9wlug0IOFadbl-xIn-2-b3oURP7xrUOIl3OPN9c1EKjtYw-IiPHgKNSVdhJCUvMFs3LillgqTjk2KOzVNKr3RJmMxoPUzPew&amp;__tn__=-]K-R\">CDD-Ghana &#8211; Ghana Center for Democratic Development<\/a><\/span><\/div><div dir=\"auto\"><span class=\"html-span xdj266r x14z9mp xat24cr x1lziwak xexx8yu xyri2b x18d9i69 x1c1uobl x1hl2dhg x16tdsg8 x1vvkbs\"><a class=\"x1i10hfl xjbqb8w x1ejq31n x18oe1m7 x1sy0etr xstzfhl x972fbf x10w94by x1qhh985 x14e42zd x9f619 x1ypdohk xt0psk2 x3ct3a4 xdj266r x14z9mp xat24cr x1lziwak xexx8yu xyri2b x18d9i69 x1c1uobl x16tdsg8 x1hl2dhg xggy1nq x1a2a7pz xkrqix3 x1sur9pj x1fey0fg x1s688f\" tabindex=\"0\" role=\"link\" href=\"https:\/\/www.facebook.com\/penplusbytes?__cft__[0]=AZbbs2-vSBKUYPqxwRHz8W_pGzi4u1xUAaqKps6F66TnZX7lRJQ-358ajfQulD6Bk9c-FMsrQD7d3U9wlug0IOFadbl-xIn-2-b3oURP7xrUOIl3OPN9c1EKjtYw-IiPHgKNSVdhJCUvMFs3LillgqTjk2KOzVNKr3RJmMxoPUzPew&amp;__tn__=-]K-R\">Penplusbytes<\/a><\/span><\/div><div dir=\"auto\"><span class=\"html-span xdj266r x14z9mp xat24cr x1lziwak xexx8yu xyri2b x18d9i69 x1c1uobl x1hl2dhg x16tdsg8 x1vvkbs\"><a class=\"x1i10hfl xjbqb8w x1ejq31n x18oe1m7 x1sy0etr xstzfhl x972fbf x10w94by x1qhh985 x14e42zd x9f619 x1ypdohk xt0psk2 x3ct3a4 xdj266r x14z9mp xat24cr x1lziwak xexx8yu xyri2b x18d9i69 x1c1uobl x16tdsg8 x1hl2dhg xggy1nq x1a2a7pz xkrqix3 x1sur9pj x1fey0fg x1s688f\" tabindex=\"0\" role=\"link\" href=\"https:\/\/www.facebook.com\/AmbassadePaysBasMali?__cft__[0]=AZbbs2-vSBKUYPqxwRHz8W_pGzi4u1xUAaqKps6F66TnZX7lRJQ-358ajfQulD6Bk9c-FMsrQD7d3U9wlug0IOFadbl-xIn-2-b3oURP7xrUOIl3OPN9c1EKjtYw-IiPHgKNSVdhJCUvMFs3LillgqTjk2KOzVNKr3RJmMxoPUzPew&amp;__tn__=-]K-R\">Ambassade des Pays-Bas au Mali<\/a><\/span><\/div><div dir=\"auto\"><span class=\"html-span xdj266r x14z9mp xat24cr x1lziwak xexx8yu xyri2b x18d9i69 x1c1uobl x1hl2dhg x16tdsg8 x1vvkbs\"><a class=\"x1i10hfl xjbqb8w x1ejq31n x18oe1m7 x1sy0etr xstzfhl x972fbf x10w94by x1qhh985 x14e42zd x9f619 x1ypdohk xt0psk2 x3ct3a4 xdj266r x14z9mp xat24cr x1lziwak xexx8yu xyri2b x18d9i69 x1c1uobl x16tdsg8 x1hl2dhg xggy1nq x1a2a7pz xkrqix3 x1sur9pj x1fey0fg x1s688f\" tabindex=\"0\" role=\"link\" href=\"https:\/\/www.facebook.com\/yiaga.org?__cft__[0]=AZbbs2-vSBKUYPqxwRHz8W_pGzi4u1xUAaqKps6F66TnZX7lRJQ-358ajfQulD6Bk9c-FMsrQD7d3U9wlug0IOFadbl-xIn-2-b3oURP7xrUOIl3OPN9c1EKjtYw-IiPHgKNSVdhJCUvMFs3LillgqTjk2KOzVNKr3RJmMxoPUzPew&amp;__tn__=-]K-R\">Yiaga Africa<\/a><\/span><\/div><div dir=\"auto\"><span class=\"html-span xdj266r x14z9mp xat24cr x1lziwak xexx8yu xyri2b x18d9i69 x1c1uobl x1hl2dhg x16tdsg8 x1vvkbs\"><a class=\"x1i10hfl xjbqb8w x1ejq31n x18oe1m7 x1sy0etr xstzfhl x972fbf x10w94by x1qhh985 x14e42zd x9f619 x1ypdohk xt0psk2 x3ct3a4 xdj266r x14z9mp xat24cr x1lziwak xexx8yu xyri2b x18d9i69 x1c1uobl x16tdsg8 x1hl2dhg xggy1nq x1a2a7pz xkrqix3 x1sur9pj x1fey0fg x1s688f\" tabindex=\"0\" role=\"link\" href=\"https:\/\/www.facebook.com\/USEmbassyMali?__cft__[0]=AZbbs2-vSBKUYPqxwRHz8W_pGzi4u1xUAaqKps6F66TnZX7lRJQ-358ajfQulD6Bk9c-FMsrQD7d3U9wlug0IOFadbl-xIn-2-b3oURP7xrUOIl3OPN9c1EKjtYw-IiPHgKNSVdhJCUvMFs3LillgqTjk2KOzVNKr3RJmMxoPUzPew&amp;__tn__=-]K-R\">Ambassade des Etats-Unis au Mali<\/a><\/span><\/div><\/div>\t\t\t\t\t\t\t\t<\/div>\n\t\t\t\t<\/div>\n\t\t\t\t\t<\/div>\n\t\t<\/div>\n\t\t\t\t\t<\/div>\n\t\t<\/section>\n\t\t\t\t<section class=\"elementor-section elementor-top-section elementor-element elementor-element-b2ab1c3 elementor-section-boxed elementor-section-height-default elementor-section-height-default\" data-id=\"b2ab1c3\" data-element_type=\"section\">\n\t\t\t\t\t\t<div class=\"elementor-container elementor-column-gap-default\">\n\t\t\t\t\t<div class=\"elementor-column elementor-col-50 elementor-top-column elementor-element elementor-element-75a0d37\" data-id=\"75a0d37\" data-element_type=\"column\">\n\t\t\t<div class=\"elementor-widget-wrap elementor-element-populated\">\n\t\t\t\t\t\t<div class=\"elementor-element elementor-element-75a660f elementor-widget elementor-widget-image\" data-id=\"75a660f\" data-element_type=\"widget\" data-widget_type=\"image.default\">\n\t\t\t\t<div class=\"elementor-widget-container\">\n\t\t\t\t\t\t\t\t\t\t\t\t\t\t\t<img decoding=\"async\" width=\"1080\" height=\"720\" src=\"https:\/\/sahelinstitute.org\/wp-content\/uploads\/2025\/12\/577487093_804065605865496_5888254928119464644_n.jpg\" class=\"attachment-full size-full wp-image-986\" alt=\"\" srcset=\"https:\/\/sahelinstitute.org\/wp-content\/uploads\/2025\/12\/577487093_804065605865496_5888254928119464644_n.jpg 1080w, https:\/\/sahelinstitute.org\/wp-content\/uploads\/2025\/12\/577487093_804065605865496_5888254928119464644_n-300x200.jpg 300w, https:\/\/sahelinstitute.org\/wp-content\/uploads\/2025\/12\/577487093_804065605865496_5888254928119464644_n-1024x683.jpg 1024w, https:\/\/sahelinstitute.org\/wp-content\/uploads\/2025\/12\/577487093_804065605865496_5888254928119464644_n-768x512.jpg 768w, https:\/\/sahelinstitute.org\/wp-content\/uploads\/2025\/12\/577487093_804065605865496_5888254928119464644_n-350x233.jpg 350w\" sizes=\"100vw\" \/>\t\t\t\t\t\t\t\t\t\t\t\t\t\t\t<\/div>\n\t\t\t\t<\/div>\n\t\t\t\t\t<\/div>\n\t\t<\/div>\n\t\t\t\t<div class=\"elementor-column elementor-col-50 elementor-top-column elementor-element elementor-element-f088b3f\" data-id=\"f088b3f\" data-element_type=\"column\">\n\t\t\t<div class=\"elementor-widget-wrap elementor-element-populated\">\n\t\t\t\t\t\t<div class=\"elementor-element elementor-element-d48ecbe elementor-widget elementor-widget-image\" data-id=\"d48ecbe\" data-element_type=\"widget\" data-widget_type=\"image.default\">\n\t\t\t\t<div class=\"elementor-widget-container\">\n\t\t\t\t\t\t\t\t\t\t\t\t\t\t\t<img decoding=\"async\" width=\"525\" height=\"327\" src=\"https:\/\/sahelinstitute.org\/wp-content\/uploads\/2025\/12\/561451963_804065459198844_2956595743791299390_n-1024x637.jpg\" class=\"attachment-large size-large wp-image-985\" alt=\"\" srcset=\"https:\/\/sahelinstitute.org\/wp-content\/uploads\/2025\/12\/561451963_804065459198844_2956595743791299390_n-1024x637.jpg 1024w, https:\/\/sahelinstitute.org\/wp-content\/uploads\/2025\/12\/561451963_804065459198844_2956595743791299390_n-300x187.jpg 300w, https:\/\/sahelinstitute.org\/wp-content\/uploads\/2025\/12\/561451963_804065459198844_2956595743791299390_n-768x478.jpg 768w, https:\/\/sahelinstitute.org\/wp-content\/uploads\/2025\/12\/561451963_804065459198844_2956595743791299390_n-350x218.jpg 350w, https:\/\/sahelinstitute.org\/wp-content\/uploads\/2025\/12\/561451963_804065459198844_2956595743791299390_n.jpg 1080w\" sizes=\"100vw\" \/>\t\t\t\t\t\t\t\t\t\t\t\t\t\t\t<\/div>\n\t\t\t\t<\/div>\n\t\t\t\t\t<\/div>\n\t\t<\/div>\n\t\t\t\t\t<\/div>\n\t\t<\/section>\n\t\t\t\t<\/div>\n\t\t","protected":false},"excerpt":{"rendered":"<p>Sahel Institute mobilise la jeunesse malienne contre la d\u00e9sinformation \u00a0#Sahel_Institute mobilise la jeunesse malienne contre la #d\u00e9sinformationFace \u00e0 la mont\u00e9e pr\u00e9occupante de la d\u00e9sinformation au Mali, le Sahel Institute, avec l\u2019appui du National Endowment for Democracy, a lanc\u00e9 \u00e0 Bamako une s\u00e9rie d\u2019activit\u00e9s dans le cadre du projet \u00ab Jeunes inform\u00e9s, citoyens engag\u00e9s : Piliers &hellip; <\/p>\n<p class=\"link-more\"><a href=\"https:\/\/sahelinstitute.org\/?p=982\" class=\"more-link\">Continuer la lecture<span class=\"screen-reader-text\"> de &laquo;&nbsp;Sahel Institute mobilise la jeunesse malienne contre la d\u00e9sinformation&nbsp;&raquo;<\/span><\/a><\/p>\n","protected":false},"author":1,"featured_media":990,"comment_status":"open","ping_status":"open","sticky":false,"template":"","format":"standard","meta":{"_monsterinsights_skip_tracking":false,"_monsterinsights_sitenote_active":false,"_monsterinsights_sitenote_note":"","_monsterinsights_sitenote_category":0,"footnotes":""},"categories":[7],"tags":[],"class_list":["post-982","post","type-post","status-publish","format-standard","has-post-thumbnail","hentry","category-actualites"],"_links":{"self":[{"href":"https:\/\/sahelinstitute.org\/index.php?rest_route=\/wp\/v2\/posts\/982","targetHints":{"allow":["GET"]}}],"collection":[{"href":"https:\/\/sahelinstitute.org\/index.php?rest_route=\/wp\/v2\/posts"}],"about":[{"href":"https:\/\/sahelinstitute.org\/index.php?rest_route=\/wp\/v2\/types\/post"}],"author":[{"embeddable":true,"href":"https:\/\/sahelinstitute.org\/index.php?rest_route=\/wp\/v2\/users\/1"}],"replies":[{"embeddable":true,"href":"https:\/\/sahelinstitute.org\/index.php?rest_route=%2Fwp%2Fv2%2Fcomments&post=982"}],"version-history":[{"count":5,"href":"https:\/\/sahelinstitute.org\/index.php?rest_route=\/wp\/v2\/posts\/982\/revisions"}],"predecessor-version":[{"id":991,"href":"https:\/\/sahelinstitute.org\/index.php?rest_route=\/wp\/v2\/posts\/982\/revisions\/991"}],"wp:featuredmedia":[{"embeddable":true,"href":"https:\/\/sahelinstitute.org\/index.php?rest_route=\/wp\/v2\/media\/990"}],"wp:attachment":[{"href":"https:\/\/sahelinstitute.org\/index.php?rest_route=%2Fwp%2Fv2%2Fmedia&parent=982"}],"wp:term":[{"taxonomy":"category","embeddable":true,"href":"https:\/\/sahelinstitute.org\/index.php?rest_route=%2Fwp%2Fv2%2Fcategories&post=982"},{"taxonomy":"post_tag","embeddable":true,"href":"https:\/\/sahelinstitute.org\/index.php?rest_route=%2Fwp%2Fv2%2Ftags&post=982"}],"curies":[{"name":"wp","href":"https:\/\/api.w.org\/{rel}","templated":true}]}}