{"id":304,"date":"2023-03-21T15:22:26","date_gmt":"2023-03-21T14:22:26","guid":{"rendered":"https:\/\/sahelinstitute.org\/?p=304"},"modified":"2023-08-11T16:17:31","modified_gmt":"2023-08-11T14:17:31","slug":"et-voici-sahel-up-pour-changer-le-narratif-sur-lafrique-par-des-informations-positives","status":"publish","type":"post","link":"https:\/\/sahelinstitute.org\/?p=304","title":{"rendered":"Et, voici \u00abSahel up\u00bb !: Pour changer le narratif sur l\u2019Afrique par des \u00abinformations positives\u00bb"},"content":{"rendered":"\t\t<div data-elementor-type=\"wp-post\" data-elementor-id=\"304\" class=\"elementor elementor-304\" data-elementor-post-type=\"post\">\n\t\t\t\t\t\t<section class=\"elementor-section elementor-top-section elementor-element elementor-element-87e2f7e elementor-section-boxed elementor-section-height-default elementor-section-height-default\" data-id=\"87e2f7e\" data-element_type=\"section\">\n\t\t\t\t\t\t<div class=\"elementor-container elementor-column-gap-default\">\n\t\t\t\t\t<div class=\"elementor-column elementor-col-100 elementor-top-column elementor-element elementor-element-e5cb49a\" data-id=\"e5cb49a\" data-element_type=\"column\">\n\t\t\t<div class=\"elementor-widget-wrap elementor-element-populated\">\n\t\t\t\t\t\t<div class=\"elementor-element elementor-element-48d61ef elementor-widget elementor-widget-heading\" data-id=\"48d61ef\" data-element_type=\"widget\" data-widget_type=\"heading.default\">\n\t\t\t\t<div class=\"elementor-widget-container\">\n\t\t\t\t\t<h2 class=\"elementor-heading-title elementor-size-default\">Et, voici \u00abSahel up\u00bb !: Pour changer le narratif sur l\u2019Afrique par des \u00abinformations positives\u00bb<\/h2>\t\t\t\t<\/div>\n\t\t\t\t<\/div>\n\t\t\t\t<div class=\"elementor-element elementor-element-4fe0db2 elementor-widget elementor-widget-text-editor\" data-id=\"4fe0db2\" data-element_type=\"widget\" data-widget_type=\"text-editor.default\">\n\t\t\t\t<div class=\"elementor-widget-container\">\n\t\t\t\t\t\t\t\t\t<p><strong><em>L\u2019Institut sah\u00e9lien pour la d\u00e9mocratie et la bonne gouvernance a pr\u00e9sent\u00e9, le 17 mars 2023 dans ses locaux \u00e0 Faladi\u00e8, son concept \u00abSahel Up : Positive Network for change\u00bb qui vise \u00e0 parler du continent africain positivement. A passer d\u2019un continent o\u00f9 \u00ab tout est vue en noir \u00bb, \u00e0 un continent \u00ab o\u00f9 se passent effectivement de belles choses et de belles r\u00e9alit\u00e9s \u00bb.<\/em><\/strong><\/p>\t\t\t\t\t\t\t\t<\/div>\n\t\t\t\t<\/div>\n\t\t\t\t<div class=\"elementor-element elementor-element-c875e0f elementor-widget elementor-widget-image\" data-id=\"c875e0f\" data-element_type=\"widget\" data-widget_type=\"image.default\">\n\t\t\t\t<div class=\"elementor-widget-container\">\n\t\t\t\t\t\t\t\t\t\t\t\t\t\t\t<img fetchpriority=\"high\" decoding=\"async\" width=\"480\" height=\"360\" src=\"https:\/\/sahelinstitute.org\/wp-content\/uploads\/2023\/08\/Sahel-Up.jpg\" class=\"attachment-large size-large wp-image-310\" alt=\"\" srcset=\"https:\/\/sahelinstitute.org\/wp-content\/uploads\/2023\/08\/Sahel-Up.jpg 480w, https:\/\/sahelinstitute.org\/wp-content\/uploads\/2023\/08\/Sahel-Up-350x263.jpg 350w, https:\/\/sahelinstitute.org\/wp-content\/uploads\/2023\/08\/Sahel-Up-300x225.jpg 300w\" sizes=\"100vw\" \/>\t\t\t\t\t\t\t\t\t\t\t\t\t\t\t<\/div>\n\t\t\t\t<\/div>\n\t\t\t\t<div class=\"elementor-element elementor-element-8fde7da elementor-widget elementor-widget-text-editor\" data-id=\"8fde7da\" data-element_type=\"widget\" data-widget_type=\"text-editor.default\">\n\t\t\t\t<div class=\"elementor-widget-container\">\n\t\t\t\t\t\t\t\t\t<p>Ont pris part au lancement, l\u2019ancien premier ministre Moussa Mara, la charg\u00e9e des affaires culturelles \u00e0 l\u2019ambassade des Etats Unis d\u2019Am\u00e9rique au Mali Erin Sutherland, Chahana Takiou, Pr\u00e9sident du Conseil d\u2019administration et Moussa Kondo directeur ex\u00e9cutif de l\u2019Institut.<\/p><p>Cet espace d\u2019\u00e9change a ainsi r\u00e9uni des participants compos\u00e9s d\u2019hommes de m\u00e9dias, des organisations de la soci\u00e9t\u00e9 civile, des entrepreneurs et des jeunes leaders. Il vise, selon le comit\u00e9 directeur de l\u2019Institut Sahel, \u00e0 changer le narratif sur le continent \u00e0 travers la diffusion de bonnes informations.\u00a0 \u00abChaque jour quand on parle de migration, on a l\u2019impression que c\u2019est toute l\u2019Afrique qui bouge et que c\u2019est seulement les Africains qui bougent. Mais quand nous prenons les chiffres exacts, vous allez comprendre que l\u2019Afrique est le quatri\u00e8me continent \u00e0 bouger d\u2019une mani\u00e8re g\u00e9n\u00e9rale apr\u00e8s l\u2019Asie, l\u2019Europe, l\u2019Am\u00e9rique du Nord. Et de cette quatri\u00e8me position, 80% de ces mouvements se passent au sein du continent.\u00a0 Mais chaque jour dans les medias, dans les reportages, on nous fait croire comme si c\u2019est l\u2019Afrique toute enti\u00e8re qui bouge \u00bb, a d\u00e9plor\u00e9 Moussa Kondo, directeur ex\u00e9cutif de l\u2019institut sah\u00e9lien pour la gouvernance et la d\u00e9mocratie.<\/p><p><strong>Inviter\u00a0 les Africains \u00e0 s\u2019approprier leurs belles histoires<\/strong><\/p><p>L\u2019institut h\u00f4te a port\u00e9 \u00ab Sahel Up : Positive Network for change \u00bb, en vue d\u2019apporter un changement \u00e0 cette triste r\u00e9alit\u00e9, en invitant\u00a0 les Africains \u00e0 s\u2019approprier leurs belles histoires, afin de passer d\u2019un continent o\u00f9 \u00ab tout est vue en noir \u00bb, \u00e0 un continent \u00ab o\u00f9 se passent effectivement de belles choses et de belles r\u00e9alit\u00e9s \u00bb, a expliqu\u00e9 Moussa Kondo.<\/p><p>A l\u2019en croire, Sahel Institut porte \u00e9galement dans ses actions, la\u00a0 promotion de la bonne gouvernance,\u00a0 l\u2019essor d\u2019une d\u00e9mocratie forte et participative, la paix durable, et surtout la promotion du dialecte d\u2019un continent o\u00f9 des actions positives se passent.<\/p><p>L\u2019ancien premier ministre, Moussa Mara, a salu\u00e9\u00a0 l\u2019initiative, qui selon lui, est participative \u00e0 la construction positive de nos pays et nos soci\u00e9t\u00e9s \u00ab il est tr\u00e8s int\u00e9ressant aujourd\u2019hui, de montrer les c\u00f4t\u00e9s positifs de ce qui se passe dans nos pays. Vue de l\u2019ext\u00e9rieur, en dehors du continent, quand on parle du Mali ou du Burkina, aujourd\u2019hui, c\u2019est la couleur rouge qu\u2019on voit partout \u00bb a regrett\u00e9 l\u2019ancien premier ministre. Selon lui, \u00ab au-del\u00e0 de tout \u00e7a, il se passe des choses formidables qui m\u00e9ritent \u00eatre dites et connues\u00a0 \u00bb. L\u2019initiative\u00a0 \u2018\u2019Sahel Up\u2019\u2019 est soutenue par l\u2019ambassade des \u00c9tats Unis au Mali. Elle constitue d\u2019ailleurs l\u2019un des points positifs port\u00e9s par des jeunes maliens et auxquels l\u2019ambassade des Etats unis d\u2019Am\u00e9rique s\u2019associe naturellement\u00a0 \u00ab par ce que, nous savons que les jeunes porteurs de ces genres d\u2019initiatives, sont l\u2019avenir de ce pays, et sont \u00e0 encourager\u00bb, a indiqu\u00e9 Erin Sutherland, charg\u00e9e des affaires culturelles \u00e0 l\u2019ambassade des USA au Mali.<\/p><p><strong>\u00a0Ousmane Tangara<\/strong><\/p><p><strong>Source: Le Challenger<\/strong><\/p>\t\t\t\t\t\t\t\t<\/div>\n\t\t\t\t<\/div>\n\t\t\t\t\t<\/div>\n\t\t<\/div>\n\t\t\t\t\t<\/div>\n\t\t<\/section>\n\t\t\t\t<\/div>\n\t\t","protected":false},"excerpt":{"rendered":"<p>Et, voici \u00abSahel up\u00bb !: Pour changer le narratif sur l\u2019Afrique par des \u00abinformations positives\u00bb L\u2019Institut sah\u00e9lien pour la d\u00e9mocratie et la bonne gouvernance a pr\u00e9sent\u00e9, le 17 mars 2023 dans ses locaux \u00e0 Faladi\u00e8, son concept \u00abSahel Up : Positive Network for change\u00bb qui vise \u00e0 parler du continent africain positivement. A passer d\u2019un &hellip; <\/p>\n<p class=\"link-more\"><a href=\"https:\/\/sahelinstitute.org\/?p=304\" class=\"more-link\">Continuer la lecture<span class=\"screen-reader-text\"> de &laquo;&nbsp;Et, voici \u00abSahel up\u00bb !: Pour changer le narratif sur l\u2019Afrique par des \u00abinformations positives\u00bb&nbsp;&raquo;<\/span><\/a><\/p>\n","protected":false},"author":1,"featured_media":310,"comment_status":"open","ping_status":"open","sticky":false,"template":"","format":"standard","meta":{"_monsterinsights_skip_tracking":false,"_monsterinsights_sitenote_active":false,"_monsterinsights_sitenote_note":"","_monsterinsights_sitenote_category":0,"footnotes":""},"categories":[7],"tags":[],"class_list":["post-304","post","type-post","status-publish","format-standard","has-post-thumbnail","hentry","category-actualites"],"_links":{"self":[{"href":"https:\/\/sahelinstitute.org\/index.php?rest_route=\/wp\/v2\/posts\/304","targetHints":{"allow":["GET"]}}],"collection":[{"href":"https:\/\/sahelinstitute.org\/index.php?rest_route=\/wp\/v2\/posts"}],"about":[{"href":"https:\/\/sahelinstitute.org\/index.php?rest_route=\/wp\/v2\/types\/post"}],"author":[{"embeddable":true,"href":"https:\/\/sahelinstitute.org\/index.php?rest_route=\/wp\/v2\/users\/1"}],"replies":[{"embeddable":true,"href":"https:\/\/sahelinstitute.org\/index.php?rest_route=%2Fwp%2Fv2%2Fcomments&post=304"}],"version-history":[{"count":23,"href":"https:\/\/sahelinstitute.org\/index.php?rest_route=\/wp\/v2\/posts\/304\/revisions"}],"predecessor-version":[{"id":407,"href":"https:\/\/sahelinstitute.org\/index.php?rest_route=\/wp\/v2\/posts\/304\/revisions\/407"}],"wp:featuredmedia":[{"embeddable":true,"href":"https:\/\/sahelinstitute.org\/index.php?rest_route=\/wp\/v2\/media\/310"}],"wp:attachment":[{"href":"https:\/\/sahelinstitute.org\/index.php?rest_route=%2Fwp%2Fv2%2Fmedia&parent=304"}],"wp:term":[{"taxonomy":"category","embeddable":true,"href":"https:\/\/sahelinstitute.org\/index.php?rest_route=%2Fwp%2Fv2%2Fcategories&post=304"},{"taxonomy":"post_tag","embeddable":true,"href":"https:\/\/sahelinstitute.org\/index.php?rest_route=%2Fwp%2Fv2%2Ftags&post=304"}],"curies":[{"name":"wp","href":"https:\/\/api.w.org\/{rel}","templated":true}]}}