{"id":170,"date":"2023-06-21T14:07:24","date_gmt":"2023-06-21T12:07:24","guid":{"rendered":"https:\/\/sahelinstitute.org\/?p=170"},"modified":"2023-08-11T16:11:58","modified_gmt":"2023-08-11T14:11:58","slug":"rencontre-pnudmali-et-jeunes_maliens","status":"publish","type":"post","link":"https:\/\/sahelinstitute.org\/?p=170","title":{"rendered":"Rencontre #PNUDMALI et #Jeunes_Maliens"},"content":{"rendered":"\t\t<div data-elementor-type=\"wp-post\" data-elementor-id=\"170\" class=\"elementor elementor-170\" data-elementor-post-type=\"post\">\n\t\t\t\t\t\t<section class=\"elementor-section elementor-top-section elementor-element elementor-element-990770c elementor-section-boxed elementor-section-height-default elementor-section-height-default\" data-id=\"990770c\" data-element_type=\"section\">\n\t\t\t\t\t\t<div class=\"elementor-container elementor-column-gap-default\">\n\t\t\t\t\t<div class=\"elementor-column elementor-col-100 elementor-top-column elementor-element elementor-element-30b9db6\" data-id=\"30b9db6\" data-element_type=\"column\">\n\t\t\t<div class=\"elementor-widget-wrap elementor-element-populated\">\n\t\t\t\t\t\t<div class=\"elementor-element elementor-element-9987f36 elementor-widget elementor-widget-heading\" data-id=\"9987f36\" data-element_type=\"widget\" data-widget_type=\"heading.default\">\n\t\t\t\t<div class=\"elementor-widget-container\">\n\t\t\t\t\t<h2 class=\"elementor-heading-title elementor-size-default\"><span class=\"x193iq5w xeuugli x13faqbe x1vvkbs x1xmvt09 x1lliihq x1s928wv xhkezso x1gmr53x x1cpjm7i x1fgarty x1943h6x xudqn12 x3x7a5m x6prxxf xvq8zen xo1l8bm xzsf02u x1yc453h\" dir=\"auto\">Rencontre <span><a class=\"x1i10hfl xjbqb8w x6umtig x1b1mbwd xaqea5y xav7gou x9f619 x1ypdohk xt0psk2 xe8uvvx xdj266r x11i5rnm xat24cr x1mh8g0r xexx8yu x4uap5 x18d9i69 xkhd6sd x16tdsg8 x1hl2dhg xggy1nq x1a2a7pz xt0b8zv x1qq9wsj xo1l8bm\" href=\"https:\/\/www.facebook.com\/hashtag\/pnudmali?__eep__=6&amp;__cft__[0]=AZVEkWFAHqcOLNojPK1NwPuXL8GsHcryhBcQ3YpeglfUhHSDm87sR6si2HOS16XKQEdrd9z_iNdFz00z5QMWLbD7xWack5UmKwgoLnCBwo9Q2NyI7JZivAMZyDPUn8kqyIZKl3ad9rjv9E0bJZfP6xT5rjD4Tu2Ei7kQinNizTwYN0oz31-KccBA14-pZNZEf88&amp;__tn__=*NK-R\" role=\"link\">#PNUDMALI<\/a><\/span> et <span><a class=\"x1i10hfl xjbqb8w x6umtig x1b1mbwd xaqea5y xav7gou x9f619 x1ypdohk xt0psk2 xe8uvvx xdj266r x11i5rnm xat24cr x1mh8g0r xexx8yu x4uap5 x18d9i69 xkhd6sd x16tdsg8 x1hl2dhg xggy1nq x1a2a7pz xt0b8zv x1qq9wsj xo1l8bm\" href=\"https:\/\/www.facebook.com\/hashtag\/jeunes_maliens?__eep__=6&amp;__cft__[0]=AZVEkWFAHqcOLNojPK1NwPuXL8GsHcryhBcQ3YpeglfUhHSDm87sR6si2HOS16XKQEdrd9z_iNdFz00z5QMWLbD7xWack5UmKwgoLnCBwo9Q2NyI7JZivAMZyDPUn8kqyIZKl3ad9rjv9E0bJZfP6xT5rjD4Tu2Ei7kQinNizTwYN0oz31-KccBA14-pZNZEf88&amp;__tn__=*NK-R\" role=\"link\">#Jeunes_Maliens<\/a><\/span> <\/span><\/h2>\t\t\t\t<\/div>\n\t\t\t\t<\/div>\n\t\t\t\t\t<\/div>\n\t\t<\/div>\n\t\t\t\t\t<\/div>\n\t\t<\/section>\n\t\t\t\t<section class=\"elementor-section elementor-top-section elementor-element elementor-element-dc3fa86 elementor-section-boxed elementor-section-height-default elementor-section-height-default\" data-id=\"dc3fa86\" data-element_type=\"section\">\n\t\t\t\t\t\t<div class=\"elementor-container elementor-column-gap-default\">\n\t\t\t\t\t<div class=\"elementor-column elementor-col-100 elementor-top-column elementor-element elementor-element-b87af81\" data-id=\"b87af81\" data-element_type=\"column\">\n\t\t\t<div class=\"elementor-widget-wrap elementor-element-populated\">\n\t\t\t\t\t\t<div class=\"elementor-element elementor-element-7d67664 elementor-widget elementor-widget-image\" data-id=\"7d67664\" data-element_type=\"widget\" data-widget_type=\"image.default\">\n\t\t\t\t<div class=\"elementor-widget-container\">\n\t\t\t\t\t\t\t\t\t\t\t\t\t\t\t<img fetchpriority=\"high\" decoding=\"async\" width=\"525\" height=\"350\" src=\"https:\/\/sahelinstitute.org\/wp-content\/uploads\/2023\/06\/353633913_213258858279510_8230644888471487174_n.jpg\" class=\"attachment-large size-large wp-image-180\" alt=\"\" srcset=\"https:\/\/sahelinstitute.org\/wp-content\/uploads\/2023\/06\/353633913_213258858279510_8230644888471487174_n.jpg 592w, https:\/\/sahelinstitute.org\/wp-content\/uploads\/2023\/06\/353633913_213258858279510_8230644888471487174_n-350x234.jpg 350w, https:\/\/sahelinstitute.org\/wp-content\/uploads\/2023\/06\/353633913_213258858279510_8230644888471487174_n-300x200.jpg 300w\" sizes=\"100vw\" \/>\t\t\t\t\t\t\t\t\t\t\t\t\t\t\t<\/div>\n\t\t\t\t<\/div>\n\t\t\t\t\t<\/div>\n\t\t<\/div>\n\t\t\t\t\t<\/div>\n\t\t<\/section>\n\t\t\t\t<section class=\"elementor-section elementor-top-section elementor-element elementor-element-1235f5d elementor-section-boxed elementor-section-height-default elementor-section-height-default\" data-id=\"1235f5d\" data-element_type=\"section\">\n\t\t\t\t\t\t<div class=\"elementor-container elementor-column-gap-default\">\n\t\t\t\t\t<div class=\"elementor-column elementor-col-100 elementor-top-column elementor-element elementor-element-ac868b6\" data-id=\"ac868b6\" data-element_type=\"column\">\n\t\t\t<div class=\"elementor-widget-wrap elementor-element-populated\">\n\t\t\t\t\t\t<div class=\"elementor-element elementor-element-dc31e4b elementor-widget elementor-widget-text-editor\" data-id=\"dc31e4b\" data-element_type=\"widget\" data-widget_type=\"text-editor.default\">\n\t\t\t\t<div class=\"elementor-widget-container\">\n\t\t\t\t\t\t\t\t\t<div dir=\"auto\">Lors de sa rencontre avec les jeunes, le repr\u00e9sentant r\u00e9sident du @PNUDMALI s\u2019est dit tr\u00e8s honor\u00e9 et fier de l\u2019engagement et la cr\u00e9ativit\u00e9 des jeunes Maliens. <a class=\"x1i10hfl xjbqb8w x6umtig x1b1mbwd xaqea5y xav7gou x9f619 x1ypdohk xt0psk2 xe8uvvx xdj266r x11i5rnm xat24cr x1mh8g0r xexx8yu x4uap5 x18d9i69 xkhd6sd x16tdsg8 x1hl2dhg xggy1nq x1a2a7pz xt0b8zv x1qq9wsj xo1l8bm\" tabindex=\"0\" role=\"link\" href=\"https:\/\/www.facebook.com\/hashtag\/sahelinstitute?__eep__=6&amp;__cft__[0]=AZVEkWFAHqcOLNojPK1NwPuXL8GsHcryhBcQ3YpeglfUhHSDm87sR6si2HOS16XKQEdrd9z_iNdFz00z5QMWLbD7xWack5UmKwgoLnCBwo9Q2NyI7JZivAMZyDPUn8kqyIZKl3ad9rjv9E0bJZfP6xT5rjD4Tu2Ei7kQinNizTwYN0oz31-KccBA14-pZNZEf88&amp;__tn__=*NK-R\">#SahelInstitute<\/a> \u00e9tait parmi les organisations invit\u00e9es. Il faut savoir que le <a class=\"x1i10hfl xjbqb8w x6umtig x1b1mbwd xaqea5y xav7gou x9f619 x1ypdohk xt0psk2 xe8uvvx xdj266r x11i5rnm xat24cr x1mh8g0r xexx8yu x4uap5 x18d9i69 xkhd6sd x16tdsg8 x1hl2dhg xggy1nq x1a2a7pz xt0b8zv x1qq9wsj xo1l8bm\" tabindex=\"0\" role=\"link\" href=\"https:\/\/www.facebook.com\/hashtag\/sahel?__eep__=6&amp;__cft__[0]=AZVEkWFAHqcOLNojPK1NwPuXL8GsHcryhBcQ3YpeglfUhHSDm87sR6si2HOS16XKQEdrd9z_iNdFz00z5QMWLbD7xWack5UmKwgoLnCBwo9Q2NyI7JZivAMZyDPUn8kqyIZKl3ad9rjv9E0bJZfP6xT5rjD4Tu2Ei7kQinNizTwYN0oz31-KccBA14-pZNZEf88&amp;__tn__=*NK-R\">#Sahel<\/a> est la r\u00e9gion la plus jeune au monde, avec une estimation de 65% de sa population \u00e2g\u00e9e de moins de 35 ans.<\/div><div dir=\"auto\">\u00ab L\u2019implication des jeunes dans les offres programmatiques est une garantie de durabilit\u00e9 des r\u00e9sultats. Les jeunes doivent \u00eatre impliqu\u00e9s dans la formulation des probl\u00e8mes et la d\u00e9finition des solutions \u00bb a d\u00e9clar\u00e9 Maleye Diop<\/div>\t\t\t\t\t\t\t\t<\/div>\n\t\t\t\t<\/div>\n\t\t\t\t\t<\/div>\n\t\t<\/div>\n\t\t\t\t\t<\/div>\n\t\t<\/section>\n\t\t\t\t<section class=\"elementor-section elementor-top-section elementor-element elementor-element-016d083 elementor-section-boxed elementor-section-height-default elementor-section-height-default\" data-id=\"016d083\" data-element_type=\"section\">\n\t\t\t\t\t\t<div class=\"elementor-container elementor-column-gap-default\">\n\t\t\t\t\t<div class=\"elementor-column elementor-col-50 elementor-top-column elementor-element elementor-element-cbd00f2\" data-id=\"cbd00f2\" data-element_type=\"column\">\n\t\t\t<div class=\"elementor-widget-wrap elementor-element-populated\">\n\t\t\t\t\t\t<div class=\"elementor-element elementor-element-0de5310 elementor-widget elementor-widget-image\" data-id=\"0de5310\" data-element_type=\"widget\" data-widget_type=\"image.default\">\n\t\t\t\t<div class=\"elementor-widget-container\">\n\t\t\t\t\t\t\t\t\t\t\t\t\t\t\t<img decoding=\"async\" width=\"525\" height=\"350\" src=\"https:\/\/sahelinstitute.org\/wp-content\/uploads\/2023\/06\/352663910_213258864946176_8059996465519479736_n-1024x683.jpg\" class=\"attachment-large size-large wp-image-179\" alt=\"\" srcset=\"https:\/\/sahelinstitute.org\/wp-content\/uploads\/2023\/06\/352663910_213258864946176_8059996465519479736_n-1024x683.jpg 1024w, https:\/\/sahelinstitute.org\/wp-content\/uploads\/2023\/06\/352663910_213258864946176_8059996465519479736_n-350x233.jpg 350w, https:\/\/sahelinstitute.org\/wp-content\/uploads\/2023\/06\/352663910_213258864946176_8059996465519479736_n-300x200.jpg 300w, https:\/\/sahelinstitute.org\/wp-content\/uploads\/2023\/06\/352663910_213258864946176_8059996465519479736_n-768x512.jpg 768w, https:\/\/sahelinstitute.org\/wp-content\/uploads\/2023\/06\/352663910_213258864946176_8059996465519479736_n-1536x1025.jpg 1536w, https:\/\/sahelinstitute.org\/wp-content\/uploads\/2023\/06\/352663910_213258864946176_8059996465519479736_n.jpg 2048w\" sizes=\"100vw\" \/>\t\t\t\t\t\t\t\t\t\t\t\t\t\t\t<\/div>\n\t\t\t\t<\/div>\n\t\t\t\t\t<\/div>\n\t\t<\/div>\n\t\t\t\t<div class=\"elementor-column elementor-col-50 elementor-top-column elementor-element elementor-element-facbf64\" data-id=\"facbf64\" data-element_type=\"column\">\n\t\t\t<div class=\"elementor-widget-wrap elementor-element-populated\">\n\t\t\t\t\t\t<div class=\"elementor-element elementor-element-eca5b5d elementor-widget elementor-widget-image\" data-id=\"eca5b5d\" data-element_type=\"widget\" data-widget_type=\"image.default\">\n\t\t\t\t<div class=\"elementor-widget-container\">\n\t\t\t\t\t\t\t\t\t\t\t\t\t\t\t<img decoding=\"async\" width=\"525\" height=\"350\" src=\"https:\/\/sahelinstitute.org\/wp-content\/uploads\/2023\/06\/355670711_213258918279504_5695129070436388350_n-1024x683.jpg\" class=\"attachment-large size-large wp-image-181\" alt=\"\" srcset=\"https:\/\/sahelinstitute.org\/wp-content\/uploads\/2023\/06\/355670711_213258918279504_5695129070436388350_n-1024x683.jpg 1024w, https:\/\/sahelinstitute.org\/wp-content\/uploads\/2023\/06\/355670711_213258918279504_5695129070436388350_n-350x233.jpg 350w, https:\/\/sahelinstitute.org\/wp-content\/uploads\/2023\/06\/355670711_213258918279504_5695129070436388350_n-300x200.jpg 300w, https:\/\/sahelinstitute.org\/wp-content\/uploads\/2023\/06\/355670711_213258918279504_5695129070436388350_n-768x512.jpg 768w, https:\/\/sahelinstitute.org\/wp-content\/uploads\/2023\/06\/355670711_213258918279504_5695129070436388350_n-1536x1025.jpg 1536w, https:\/\/sahelinstitute.org\/wp-content\/uploads\/2023\/06\/355670711_213258918279504_5695129070436388350_n.jpg 2048w\" sizes=\"100vw\" \/>\t\t\t\t\t\t\t\t\t\t\t\t\t\t\t<\/div>\n\t\t\t\t<\/div>\n\t\t\t\t\t<\/div>\n\t\t<\/div>\n\t\t\t\t\t<\/div>\n\t\t<\/section>\n\t\t\t\t<\/div>\n\t\t","protected":false},"excerpt":{"rendered":"<p>Rencontre #PNUDMALI et #Jeunes_Maliens Lors de sa rencontre avec les jeunes, le repr\u00e9sentant r\u00e9sident du @PNUDMALI s\u2019est dit tr\u00e8s honor\u00e9 et fier de l\u2019engagement et la cr\u00e9ativit\u00e9 des jeunes Maliens. #SahelInstitute \u00e9tait parmi les organisations invit\u00e9es. Il faut savoir que le #Sahel est la r\u00e9gion la plus jeune au monde, avec une estimation de 65% &hellip; <\/p>\n<p class=\"link-more\"><a href=\"https:\/\/sahelinstitute.org\/?p=170\" class=\"more-link\">Continuer la lecture<span class=\"screen-reader-text\"> de &laquo;&nbsp;Rencontre #PNUDMALI et #Jeunes_Maliens&nbsp;&raquo;<\/span><\/a><\/p>\n","protected":false},"author":1,"featured_media":180,"comment_status":"open","ping_status":"open","sticky":false,"template":"","format":"standard","meta":{"_monsterinsights_skip_tracking":false,"_monsterinsights_sitenote_active":false,"_monsterinsights_sitenote_note":"","_monsterinsights_sitenote_category":0,"footnotes":""},"categories":[7],"tags":[],"class_list":["post-170","post","type-post","status-publish","format-standard","has-post-thumbnail","hentry","category-actualites"],"_links":{"self":[{"href":"https:\/\/sahelinstitute.org\/index.php?rest_route=\/wp\/v2\/posts\/170","targetHints":{"allow":["GET"]}}],"collection":[{"href":"https:\/\/sahelinstitute.org\/index.php?rest_route=\/wp\/v2\/posts"}],"about":[{"href":"https:\/\/sahelinstitute.org\/index.php?rest_route=\/wp\/v2\/types\/post"}],"author":[{"embeddable":true,"href":"https:\/\/sahelinstitute.org\/index.php?rest_route=\/wp\/v2\/users\/1"}],"replies":[{"embeddable":true,"href":"https:\/\/sahelinstitute.org\/index.php?rest_route=%2Fwp%2Fv2%2Fcomments&post=170"}],"version-history":[{"count":14,"href":"https:\/\/sahelinstitute.org\/index.php?rest_route=\/wp\/v2\/posts\/170\/revisions"}],"predecessor-version":[{"id":400,"href":"https:\/\/sahelinstitute.org\/index.php?rest_route=\/wp\/v2\/posts\/170\/revisions\/400"}],"wp:featuredmedia":[{"embeddable":true,"href":"https:\/\/sahelinstitute.org\/index.php?rest_route=\/wp\/v2\/media\/180"}],"wp:attachment":[{"href":"https:\/\/sahelinstitute.org\/index.php?rest_route=%2Fwp%2Fv2%2Fmedia&parent=170"}],"wp:term":[{"taxonomy":"category","embeddable":true,"href":"https:\/\/sahelinstitute.org\/index.php?rest_route=%2Fwp%2Fv2%2Fcategories&post=170"},{"taxonomy":"post_tag","embeddable":true,"href":"https:\/\/sahelinstitute.org\/index.php?rest_route=%2Fwp%2Fv2%2Ftags&post=170"}],"curies":[{"name":"wp","href":"https:\/\/api.w.org\/{rel}","templated":true}]}}